{"id":2769,"date":"2023-10-06T12:10:01","date_gmt":"2023-10-06T10:10:01","guid":{"rendered":"https:\/\/www.cotebougie.com\/blog\/?p=2769"},"modified":"2023-10-06T12:29:13","modified_gmt":"2023-10-06T10:29:13","slug":"20-ans-cote-bougie","status":"publish","type":"post","link":"https:\/\/www.cotebougie.com\/blog\/20-ans-cote-bougie\/","title":{"rendered":"C\u00e9l\u00e9brons nos 20 ans d\u2019artisanat, d\u2019engagement \u00e9co-responsable et de r\u00eave"},"content":{"rendered":"\t\t<div data-elementor-type=\"wp-post\" data-elementor-id=\"2769\" class=\"elementor elementor-2769\" data-elementor-settings=\"[]\">\n\t\t\t\t\t\t\t<div class=\"elementor-section-wrap\">\n\t\t\t\t\t\t\t<section class=\"penci-section penci-disSticky penci-structure-10 elementor-section elementor-top-section elementor-element elementor-element-a5c362a elementor-section-boxed elementor-section-height-default elementor-section-height-default\" data-id=\"a5c362a\" data-element_type=\"section\">\n\t\t\t\t\t\t<div class=\"elementor-container elementor-column-gap-default\">\n\t\t\t\t\t<div class=\"penci-ercol-100 penci-ercol-order-1 penci-sticky-ct  elementor-column elementor-col-100 elementor-top-column elementor-element elementor-element-54b311a\" data-id=\"54b311a\" data-element_type=\"column\">\n\t\t\t<div class=\"elementor-widget-wrap elementor-element-populated\">\n\t\t\t\t\t\t\t\t<div class=\"elementor-element elementor-element-ee56563 elementor-widget elementor-widget-text-editor\" data-id=\"ee56563\" data-element_type=\"widget\" data-widget_type=\"text-editor.default\">\n\t\t\t\t<div class=\"elementor-widget-container\">\n\t\t\t\t\t\t\t<p style=\"font-weight: 400; text-align: justify;\"><span style=\"color: var( --e-global-color-text ); font-family: var( --e-global-typography-text-font-family ), Sans-serif;\">Depuis deux d\u00e9cennies, nous avons eu le privil\u00e8ge de partager avec vous la lumi\u00e8re et la chaleur de notre travail, en restant r\u00e9solument engag\u00e9s envers la pr\u00e9servation de notre plan\u00e8te. Ce voyage est marqu\u00e9 par <strong>la passion, la cr\u00e9ativit\u00e9 et notre engagement en faveur de la durabilit\u00e9<\/strong>, des valeurs qui ont toujours \u00e9t\u00e9 au c\u0153ur de notre marque.<\/span><\/p>\n<p style=\"font-weight: 400; text-align: justify;\"><strong>En 2003, nous allumions la premi\u00e8re m\u00e8che de notre aventure<\/strong>, avec la vision de vous faire voyager \u00e0 travers l\u2019artisanat du Maroc mais aussi vous offrir une d\u00e9couverte olfactive marocaine. Aujourd\u2019hui, alors que nous c\u00e9l\u00e9brons notre 20\u00e8me anniversaire, nous sommes fiers de regarder en arri\u00e8re et de <strong>voir comment notre petite entreprise a grandi pour devenir une r\u00e9f\u00e9rence dans le monde la bougie parfum\u00e9e artisanale \u00e9co-responsable au Maroc.<\/strong><\/p>\t\t\t\t\t\t<\/div>\n\t\t\t\t<\/div>\n\t\t\t\t\t<\/div>\n\t\t<\/div>\n\t\t\t\t\t\t\t<\/div>\n\t\t<\/section>\n\t\t\t\t<section class=\"penci-section penci-disSticky penci-structure-10 elementor-section elementor-top-section elementor-element elementor-element-fc7557b elementor-section-boxed elementor-section-height-default elementor-section-height-default\" data-id=\"fc7557b\" data-element_type=\"section\">\n\t\t\t\t\t\t<div class=\"elementor-container elementor-column-gap-default\">\n\t\t\t\t\t<div class=\"penci-ercol-100 penci-ercol-order-1 penci-sticky-ct  elementor-column elementor-col-100 elementor-top-column elementor-element elementor-element-d188483\" data-id=\"d188483\" data-element_type=\"column\">\n\t\t\t<div class=\"elementor-widget-wrap elementor-element-populated\">\n\t\t\t\t\t\t\t\t<div class=\"elementor-element elementor-element-53d2bcf elementor-widget elementor-widget-image\" data-id=\"53d2bcf\" data-element_type=\"widget\" data-widget_type=\"image.default\">\n\t\t\t\t<div class=\"elementor-widget-container\">\n\t\t\t\t\t\t\t\t\t\t\t\t\t\t\t<img width=\"900\" height=\"600\" src=\"https:\/\/www.cotebougie.com\/blog\/wp-content\/uploads\/2023\/10\/Cote-Bougie-Villa-Juna.jpg\" class=\"attachment-large size-large\" alt=\"C\u00f4t\u00e9 Bougie Villa Juna\" loading=\"lazy\" srcset=\"https:\/\/www.cotebougie.com\/blog\/wp-content\/uploads\/2023\/10\/Cote-Bougie-Villa-Juna.jpg 900w, https:\/\/www.cotebougie.com\/blog\/wp-content\/uploads\/2023\/10\/Cote-Bougie-Villa-Juna-300x200.jpg 300w, https:\/\/www.cotebougie.com\/blog\/wp-content\/uploads\/2023\/10\/Cote-Bougie-Villa-Juna-768x512.jpg 768w, https:\/\/www.cotebougie.com\/blog\/wp-content\/uploads\/2023\/10\/Cote-Bougie-Villa-Juna-585x390.jpg 585w, https:\/\/www.cotebougie.com\/blog\/wp-content\/uploads\/2023\/10\/Cote-Bougie-Villa-Juna-263x175.jpg 263w\" sizes=\"(max-width: 900px) 100vw, 900px\" \/>\t\t\t\t\t\t\t\t\t\t\t\t\t\t\t<\/div>\n\t\t\t\t<\/div>\n\t\t\t\t\t<\/div>\n\t\t<\/div>\n\t\t\t\t\t\t\t<\/div>\n\t\t<\/section>\n\t\t\t\t<section class=\"penci-section penci-disSticky penci-structure-10 elementor-section elementor-top-section elementor-element elementor-element-aa47a8c elementor-section-boxed elementor-section-height-default elementor-section-height-default\" data-id=\"aa47a8c\" data-element_type=\"section\">\n\t\t\t\t\t\t<div class=\"elementor-container elementor-column-gap-default\">\n\t\t\t\t\t<div class=\"penci-ercol-100 penci-ercol-order-1 penci-sticky-ct  elementor-column elementor-col-100 elementor-top-column elementor-element elementor-element-cca711c\" data-id=\"cca711c\" data-element_type=\"column\">\n\t\t\t<div class=\"elementor-widget-wrap elementor-element-populated\">\n\t\t\t\t\t\t\t\t<div class=\"elementor-element elementor-element-1c1c053 elementor-widget elementor-widget-text-editor\" data-id=\"1c1c053\" data-element_type=\"widget\" data-widget_type=\"text-editor.default\">\n\t\t\t\t<div class=\"elementor-widget-container\">\n\t\t\t\t\t\t\t<p style=\"text-align: justify;\">Chaque bougie que nous cr\u00e9ons est le<strong> fruit d\u2019un travail acharn\u00e9, d\u2019une expertise artisanale et d\u2019une attention m\u00e9ticuleuse aux d\u00e9tails, tout en demeurant respectueuse de l\u2019environnement<\/strong>.<\/p>\n<p style=\"text-align: justify;\">Au fil des ans, nous avons eu le plaisir de voir nos bougies briller dans vos foyers, accompagner vos \u00e9v\u00e9nements sp\u00e9ciaux, et cr\u00e9er une atmosph\u00e8re apaisante. Votre soutien continu et votre fid\u00e9lit\u00e9 sont la raison pour laquelle nous continuons \u00e0 nous perfectionner chaque jour, avec la conviction que l\u2019artisanat de qualit\u00e9 peut coexister harmonieusement avec la responsabilit\u00e9 environnementale.<\/p>\n<p style=\"text-align: justify;\">En cette ann\u00e9e de c\u00e9l\u00e9bration, nous avons fait de nouvelles cr\u00e9ations, de nouveaux packagings pour vous, nos clients pr\u00e9cieux. Nous sommes heureux de partager avec vous cette nouvelle \u00e9tape de notre voyage avec vous.<\/p>\n<p style=\"text-align: justify;\"><strong>Merci d\u2019avoir \u00e9t\u00e9 \u00e0 nos c\u00f4t\u00e9s pendant ces 20 ann\u00e9es extraordinaires, de soutenir nos engagements et de choisir nos bougies qui illuminent vos vies.<\/strong><\/p>\n<p style=\"text-align: justify;\"><span style=\"text-decoration: underline;\">L&rsquo;\u00e9quipe C\u00f4t\u00e9 Bougie Marrakech<\/span><\/p>\t\t\t\t\t\t<\/div>\n\t\t\t\t<\/div>\n\t\t\t\t\t<\/div>\n\t\t<\/div>\n\t\t\t\t\t\t\t<\/div>\n\t\t<\/section>\n\t\t\t\t<section class=\"penci-section penci-disSticky penci-structure-10 elementor-section elementor-top-section elementor-element elementor-element-ae30679 elementor-section-boxed elementor-section-height-default elementor-section-height-default\" data-id=\"ae30679\" data-element_type=\"section\">\n\t\t\t\t\t\t<div class=\"elementor-container elementor-column-gap-default\">\n\t\t\t\t\t<div class=\"penci-ercol-100 penci-ercol-order-1 penci-sticky-ct  elementor-column elementor-col-100 elementor-top-column elementor-element elementor-element-e25b030\" data-id=\"e25b030\" data-element_type=\"column\">\n\t\t\t<div class=\"elementor-widget-wrap elementor-element-populated\">\n\t\t\t\t\t\t\t\t<div class=\"elementor-element elementor-element-63f92c5 elementor-widget elementor-widget-image\" data-id=\"63f92c5\" data-element_type=\"widget\" data-widget_type=\"image.default\">\n\t\t\t\t<div class=\"elementor-widget-container\">\n\t\t\t\t\t\t\t\t\t\t\t\t\t\t\t<img width=\"900\" height=\"600\" src=\"https:\/\/www.cotebougie.com\/blog\/wp-content\/uploads\/2023\/10\/zebre.jpg\" class=\"attachment-large size-large\" alt=\"Bougie Zebr\u00e9\" loading=\"lazy\" srcset=\"https:\/\/www.cotebougie.com\/blog\/wp-content\/uploads\/2023\/10\/zebre.jpg 900w, https:\/\/www.cotebougie.com\/blog\/wp-content\/uploads\/2023\/10\/zebre-300x200.jpg 300w, https:\/\/www.cotebougie.com\/blog\/wp-content\/uploads\/2023\/10\/zebre-768x512.jpg 768w, https:\/\/www.cotebougie.com\/blog\/wp-content\/uploads\/2023\/10\/zebre-585x390.jpg 585w, https:\/\/www.cotebougie.com\/blog\/wp-content\/uploads\/2023\/10\/zebre-263x175.jpg 263w\" sizes=\"(max-width: 900px) 100vw, 900px\" \/>\t\t\t\t\t\t\t\t\t\t\t\t\t\t\t<\/div>\n\t\t\t\t<\/div>\n\t\t\t\t\t<\/div>\n\t\t<\/div>\n\t\t\t\t\t\t\t<\/div>\n\t\t<\/section>\n\t\t\t\t\t\t<\/div>\n\t\t\t\t\t<\/div>\n\t\t","protected":false},"excerpt":{"rendered":"<p>Depuis deux d\u00e9cennies, nous avons eu le privil\u00e8ge de partager avec vous la lumi\u00e8re et la chaleur de notre travail, en restant r\u00e9solument engag\u00e9s envers la pr\u00e9servation de notre plan\u00e8te.&hellip;<\/p>\n","protected":false},"author":1,"featured_media":2775,"comment_status":"open","ping_status":"open","sticky":false,"template":"","format":"standard","meta":[],"categories":[73],"tags":[],"yoast_head":"<!-- This site is optimized with the Yoast SEO plugin v18.6 - https:\/\/yoast.com\/wordpress\/plugins\/seo\/ -->\n<title>C\u00f4t\u00e9 Bougie f\u00eate ses 20 ans !<\/title>\n<meta name=\"description\" content=\"Une date importante dans l&#039;aventure C\u00f4t\u00e9 Bougie, nos 20 ans ! Un petit texte pour remercier toux ceux qui nous ont accompagn\u00e9\" \/>\n<meta name=\"robots\" content=\"index, follow, max-snippet:-1, max-image-preview:large, max-video-preview:-1\" \/>\n<link rel=\"canonical\" href=\"https:\/\/www.cotebougie.com\/blog\/20-ans-cote-bougie\/\" \/>\n<meta property=\"og:locale\" content=\"fr_FR\" \/>\n<meta property=\"og:type\" content=\"article\" \/>\n<meta property=\"og:title\" content=\"C\u00f4t\u00e9 Bougie f\u00eate ses 20 ans !\" \/>\n<meta property=\"og:description\" content=\"Une date importante dans l&#039;aventure C\u00f4t\u00e9 Bougie, nos 20 ans ! Un petit texte pour remercier toux ceux qui nous ont accompagn\u00e9\" \/>\n<meta property=\"og:url\" content=\"https:\/\/www.cotebougie.com\/blog\/20-ans-cote-bougie\/\" \/>\n<meta property=\"og:site_name\" content=\"Blog C\u00f4t\u00e9 Bougie\" \/>\n<meta property=\"article:published_time\" content=\"2023-10-06T10:10:01+00:00\" \/>\n<meta property=\"article:modified_time\" content=\"2023-10-06T10:29:13+00:00\" \/>\n<meta property=\"og:image\" content=\"https:\/\/www.cotebougie.com\/blog\/wp-content\/uploads\/2023\/10\/20-ans-Cote-Bougie.jpg\" \/>\n\t<meta property=\"og:image:width\" content=\"900\" \/>\n\t<meta property=\"og:image:height\" content=\"600\" \/>\n\t<meta property=\"og:image:type\" content=\"image\/jpeg\" \/>\n<meta name=\"twitter:card\" content=\"summary_large_image\" \/>\n<meta name=\"twitter:label1\" content=\"\u00c9crit par\" \/>\n\t<meta name=\"twitter:data1\" content=\"Sa\u00efda &amp; Omar\" \/>\n\t<meta name=\"twitter:label2\" content=\"Dur\u00e9e de lecture estim\u00e9e\" \/>\n\t<meta name=\"twitter:data2\" content=\"2 minutes\" \/>\n<script type=\"application\/ld+json\" class=\"yoast-schema-graph\">{\"@context\":\"https:\/\/schema.org\",\"@graph\":[{\"@type\":\"WebSite\",\"@id\":\"https:\/\/www.cotebougie.com\/blog\/#website\",\"url\":\"https:\/\/www.cotebougie.com\/blog\/\",\"name\":\"Blog C\u00f4t\u00e9 Bougie\",\"description\":\"Un site utilisant WordPress\",\"publisher\":{\"@id\":\"https:\/\/www.cotebougie.com\/blog\/#\/schema\/person\/61783b607f40fff9977a7e2d8a3e410e\"},\"potentialAction\":[{\"@type\":\"SearchAction\",\"target\":{\"@type\":\"EntryPoint\",\"urlTemplate\":\"https:\/\/www.cotebougie.com\/blog\/?s={search_term_string}\"},\"query-input\":\"required name=search_term_string\"}],\"inLanguage\":\"fr-FR\"},{\"@type\":\"ImageObject\",\"@id\":\"https:\/\/www.cotebougie.com\/blog\/20-ans-cote-bougie\/#primaryimage\",\"inLanguage\":\"fr-FR\",\"url\":\"https:\/\/www.cotebougie.com\/blog\/wp-content\/uploads\/2023\/10\/20-ans-Cote-Bougie.jpg\",\"contentUrl\":\"https:\/\/www.cotebougie.com\/blog\/wp-content\/uploads\/2023\/10\/20-ans-Cote-Bougie.jpg\",\"width\":900,\"height\":600,\"caption\":\"C\u00f4t\u00e9 Bougie 20 ans\"},{\"@type\":\"WebPage\",\"@id\":\"https:\/\/www.cotebougie.com\/blog\/20-ans-cote-bougie\/#webpage\",\"url\":\"https:\/\/www.cotebougie.com\/blog\/20-ans-cote-bougie\/\",\"name\":\"C\u00f4t\u00e9 Bougie f\u00eate ses 20 ans !\",\"isPartOf\":{\"@id\":\"https:\/\/www.cotebougie.com\/blog\/#website\"},\"primaryImageOfPage\":{\"@id\":\"https:\/\/www.cotebougie.com\/blog\/20-ans-cote-bougie\/#primaryimage\"},\"datePublished\":\"2023-10-06T10:10:01+00:00\",\"dateModified\":\"2023-10-06T10:29:13+00:00\",\"description\":\"Une date importante dans l'aventure C\u00f4t\u00e9 Bougie, nos 20 ans ! Un petit texte pour remercier toux ceux qui nous ont accompagn\u00e9\",\"breadcrumb\":{\"@id\":\"https:\/\/www.cotebougie.com\/blog\/20-ans-cote-bougie\/#breadcrumb\"},\"inLanguage\":\"fr-FR\",\"potentialAction\":[{\"@type\":\"ReadAction\",\"target\":[\"https:\/\/www.cotebougie.com\/blog\/20-ans-cote-bougie\/\"]}]},{\"@type\":\"BreadcrumbList\",\"@id\":\"https:\/\/www.cotebougie.com\/blog\/20-ans-cote-bougie\/#breadcrumb\",\"itemListElement\":[{\"@type\":\"ListItem\",\"position\":1,\"name\":\"Home\",\"item\":\"https:\/\/www.cotebougie.com\/blog\/\"},{\"@type\":\"ListItem\",\"position\":2,\"name\":\"C\u00e9l\u00e9brons nos 20 ans d\u2019artisanat, d\u2019engagement \u00e9co-responsable et de r\u00eave\"}]},{\"@type\":\"Article\",\"@id\":\"https:\/\/www.cotebougie.com\/blog\/20-ans-cote-bougie\/#article\",\"isPartOf\":{\"@id\":\"https:\/\/www.cotebougie.com\/blog\/20-ans-cote-bougie\/#webpage\"},\"author\":{\"@id\":\"https:\/\/www.cotebougie.com\/blog\/#\/schema\/person\/61783b607f40fff9977a7e2d8a3e410e\"},\"headline\":\"C\u00e9l\u00e9brons nos 20 ans d\u2019artisanat, d\u2019engagement \u00e9co-responsable et de r\u00eave\",\"datePublished\":\"2023-10-06T10:10:01+00:00\",\"dateModified\":\"2023-10-06T10:29:13+00:00\",\"mainEntityOfPage\":{\"@id\":\"https:\/\/www.cotebougie.com\/blog\/20-ans-cote-bougie\/#webpage\"},\"wordCount\":325,\"commentCount\":0,\"publisher\":{\"@id\":\"https:\/\/www.cotebougie.com\/blog\/#\/schema\/person\/61783b607f40fff9977a7e2d8a3e410e\"},\"image\":{\"@id\":\"https:\/\/www.cotebougie.com\/blog\/20-ans-cote-bougie\/#primaryimage\"},\"thumbnailUrl\":\"https:\/\/www.cotebougie.com\/blog\/wp-content\/uploads\/2023\/10\/20-ans-Cote-Bougie.jpg\",\"articleSection\":[\"Notre histoire\"],\"inLanguage\":\"fr-FR\",\"potentialAction\":[{\"@type\":\"CommentAction\",\"name\":\"Comment\",\"target\":[\"https:\/\/www.cotebougie.com\/blog\/20-ans-cote-bougie\/#respond\"]}]},{\"@type\":[\"Person\",\"Organization\"],\"@id\":\"https:\/\/www.cotebougie.com\/blog\/#\/schema\/person\/61783b607f40fff9977a7e2d8a3e410e\",\"name\":\"Sa\u00efda &amp; Omar\",\"image\":{\"@type\":\"ImageObject\",\"@id\":\"https:\/\/www.cotebougie.com\/blog\/#personlogo\",\"inLanguage\":\"fr-FR\",\"url\":\"https:\/\/secure.gravatar.com\/avatar\/eaa0d16c01ce338a82aa4e0365a0f6f5?s=96&d=mm&r=g\",\"contentUrl\":\"https:\/\/secure.gravatar.com\/avatar\/eaa0d16c01ce338a82aa4e0365a0f6f5?s=96&d=mm&r=g\",\"caption\":\"Sa\u00efda &amp; Omar\"},\"logo\":{\"@id\":\"https:\/\/www.cotebougie.com\/blog\/#personlogo\"},\"sameAs\":[\"https:\/\/www.cotebougie.com\/blog\/\"]}]}<\/script>\n<!-- \/ Yoast SEO plugin. -->","yoast_head_json":{"title":"C\u00f4t\u00e9 Bougie f\u00eate ses 20 ans !","description":"Une date importante dans l'aventure C\u00f4t\u00e9 Bougie, nos 20 ans ! Un petit texte pour remercier toux ceux qui nous ont accompagn\u00e9","robots":{"index":"index","follow":"follow","max-snippet":"max-snippet:-1","max-image-preview":"max-image-preview:large","max-video-preview":"max-video-preview:-1"},"canonical":"https:\/\/www.cotebougie.com\/blog\/20-ans-cote-bougie\/","og_locale":"fr_FR","og_type":"article","og_title":"C\u00f4t\u00e9 Bougie f\u00eate ses 20 ans !","og_description":"Une date importante dans l'aventure C\u00f4t\u00e9 Bougie, nos 20 ans ! Un petit texte pour remercier toux ceux qui nous ont accompagn\u00e9","og_url":"https:\/\/www.cotebougie.com\/blog\/20-ans-cote-bougie\/","og_site_name":"Blog C\u00f4t\u00e9 Bougie","article_published_time":"2023-10-06T10:10:01+00:00","article_modified_time":"2023-10-06T10:29:13+00:00","og_image":[{"width":900,"height":600,"url":"https:\/\/www.cotebougie.com\/blog\/wp-content\/uploads\/2023\/10\/20-ans-Cote-Bougie.jpg","type":"image\/jpeg"}],"twitter_card":"summary_large_image","twitter_misc":{"\u00c9crit par":"Sa\u00efda &amp; Omar","Dur\u00e9e de lecture estim\u00e9e":"2 minutes"},"schema":{"@context":"https:\/\/schema.org","@graph":[{"@type":"WebSite","@id":"https:\/\/www.cotebougie.com\/blog\/#website","url":"https:\/\/www.cotebougie.com\/blog\/","name":"Blog C\u00f4t\u00e9 Bougie","description":"Un site utilisant WordPress","publisher":{"@id":"https:\/\/www.cotebougie.com\/blog\/#\/schema\/person\/61783b607f40fff9977a7e2d8a3e410e"},"potentialAction":[{"@type":"SearchAction","target":{"@type":"EntryPoint","urlTemplate":"https:\/\/www.cotebougie.com\/blog\/?s={search_term_string}"},"query-input":"required name=search_term_string"}],"inLanguage":"fr-FR"},{"@type":"ImageObject","@id":"https:\/\/www.cotebougie.com\/blog\/20-ans-cote-bougie\/#primaryimage","inLanguage":"fr-FR","url":"https:\/\/www.cotebougie.com\/blog\/wp-content\/uploads\/2023\/10\/20-ans-Cote-Bougie.jpg","contentUrl":"https:\/\/www.cotebougie.com\/blog\/wp-content\/uploads\/2023\/10\/20-ans-Cote-Bougie.jpg","width":900,"height":600,"caption":"C\u00f4t\u00e9 Bougie 20 ans"},{"@type":"WebPage","@id":"https:\/\/www.cotebougie.com\/blog\/20-ans-cote-bougie\/#webpage","url":"https:\/\/www.cotebougie.com\/blog\/20-ans-cote-bougie\/","name":"C\u00f4t\u00e9 Bougie f\u00eate ses 20 ans !","isPartOf":{"@id":"https:\/\/www.cotebougie.com\/blog\/#website"},"primaryImageOfPage":{"@id":"https:\/\/www.cotebougie.com\/blog\/20-ans-cote-bougie\/#primaryimage"},"datePublished":"2023-10-06T10:10:01+00:00","dateModified":"2023-10-06T10:29:13+00:00","description":"Une date importante dans l'aventure C\u00f4t\u00e9 Bougie, nos 20 ans ! Un petit texte pour remercier toux ceux qui nous ont accompagn\u00e9","breadcrumb":{"@id":"https:\/\/www.cotebougie.com\/blog\/20-ans-cote-bougie\/#breadcrumb"},"inLanguage":"fr-FR","potentialAction":[{"@type":"ReadAction","target":["https:\/\/www.cotebougie.com\/blog\/20-ans-cote-bougie\/"]}]},{"@type":"BreadcrumbList","@id":"https:\/\/www.cotebougie.com\/blog\/20-ans-cote-bougie\/#breadcrumb","itemListElement":[{"@type":"ListItem","position":1,"name":"Home","item":"https:\/\/www.cotebougie.com\/blog\/"},{"@type":"ListItem","position":2,"name":"C\u00e9l\u00e9brons nos 20 ans d\u2019artisanat, d\u2019engagement \u00e9co-responsable et de r\u00eave"}]},{"@type":"Article","@id":"https:\/\/www.cotebougie.com\/blog\/20-ans-cote-bougie\/#article","isPartOf":{"@id":"https:\/\/www.cotebougie.com\/blog\/20-ans-cote-bougie\/#webpage"},"author":{"@id":"https:\/\/www.cotebougie.com\/blog\/#\/schema\/person\/61783b607f40fff9977a7e2d8a3e410e"},"headline":"C\u00e9l\u00e9brons nos 20 ans d\u2019artisanat, d\u2019engagement \u00e9co-responsable et de r\u00eave","datePublished":"2023-10-06T10:10:01+00:00","dateModified":"2023-10-06T10:29:13+00:00","mainEntityOfPage":{"@id":"https:\/\/www.cotebougie.com\/blog\/20-ans-cote-bougie\/#webpage"},"wordCount":325,"commentCount":0,"publisher":{"@id":"https:\/\/www.cotebougie.com\/blog\/#\/schema\/person\/61783b607f40fff9977a7e2d8a3e410e"},"image":{"@id":"https:\/\/www.cotebougie.com\/blog\/20-ans-cote-bougie\/#primaryimage"},"thumbnailUrl":"https:\/\/www.cotebougie.com\/blog\/wp-content\/uploads\/2023\/10\/20-ans-Cote-Bougie.jpg","articleSection":["Notre histoire"],"inLanguage":"fr-FR","potentialAction":[{"@type":"CommentAction","name":"Comment","target":["https:\/\/www.cotebougie.com\/blog\/20-ans-cote-bougie\/#respond"]}]},{"@type":["Person","Organization"],"@id":"https:\/\/www.cotebougie.com\/blog\/#\/schema\/person\/61783b607f40fff9977a7e2d8a3e410e","name":"Sa\u00efda &amp; Omar","image":{"@type":"ImageObject","@id":"https:\/\/www.cotebougie.com\/blog\/#personlogo","inLanguage":"fr-FR","url":"https:\/\/secure.gravatar.com\/avatar\/eaa0d16c01ce338a82aa4e0365a0f6f5?s=96&d=mm&r=g","contentUrl":"https:\/\/secure.gravatar.com\/avatar\/eaa0d16c01ce338a82aa4e0365a0f6f5?s=96&d=mm&r=g","caption":"Sa\u00efda &amp; Omar"},"logo":{"@id":"https:\/\/www.cotebougie.com\/blog\/#personlogo"},"sameAs":["https:\/\/www.cotebougie.com\/blog\/"]}]}},"_links":{"self":[{"href":"https:\/\/www.cotebougie.com\/blog\/wp-json\/wp\/v2\/posts\/2769"}],"collection":[{"href":"https:\/\/www.cotebougie.com\/blog\/wp-json\/wp\/v2\/posts"}],"about":[{"href":"https:\/\/www.cotebougie.com\/blog\/wp-json\/wp\/v2\/types\/post"}],"author":[{"embeddable":true,"href":"https:\/\/www.cotebougie.com\/blog\/wp-json\/wp\/v2\/users\/1"}],"replies":[{"embeddable":true,"href":"https:\/\/www.cotebougie.com\/blog\/wp-json\/wp\/v2\/comments?post=2769"}],"version-history":[{"count":17,"href":"https:\/\/www.cotebougie.com\/blog\/wp-json\/wp\/v2\/posts\/2769\/revisions"}],"predecessor-version":[{"id":2793,"href":"https:\/\/www.cotebougie.com\/blog\/wp-json\/wp\/v2\/posts\/2769\/revisions\/2793"}],"wp:featuredmedia":[{"embeddable":true,"href":"https:\/\/www.cotebougie.com\/blog\/wp-json\/wp\/v2\/media\/2775"}],"wp:attachment":[{"href":"https:\/\/www.cotebougie.com\/blog\/wp-json\/wp\/v2\/media?parent=2769"}],"wp:term":[{"taxonomy":"category","embeddable":true,"href":"https:\/\/www.cotebougie.com\/blog\/wp-json\/wp\/v2\/categories?post=2769"},{"taxonomy":"post_tag","embeddable":true,"href":"https:\/\/www.cotebougie.com\/blog\/wp-json\/wp\/v2\/tags?post=2769"}],"curies":[{"name":"wp","href":"https:\/\/api.w.org\/{rel}","templated":true}]}}