{"id":2348,"date":"2022-10-18T11:23:44","date_gmt":"2022-10-18T09:23:44","guid":{"rendered":"https:\/\/www.cotebougie.com\/blog\/?p=2348"},"modified":"2022-12-16T17:53:56","modified_gmt":"2022-12-16T16:53:56","slug":"itto-argile","status":"publish","type":"post","link":"https:\/\/www.cotebougie.com\/blog\/itto-argile\/","title":{"rendered":"Nouvelle collection Itto"},"content":{"rendered":"\t\t<div data-elementor-type=\"wp-post\" data-elementor-id=\"2348\" class=\"elementor elementor-2348\" data-elementor-settings=\"[]\">\n\t\t\t\t\t\t\t<div class=\"elementor-section-wrap\">\n\t\t\t\t\t\t\t<section class=\"penci-section penci-disSticky penci-structure-10 elementor-section elementor-top-section elementor-element elementor-element-42905fe elementor-section-boxed elementor-section-height-default elementor-section-height-default\" data-id=\"42905fe\" data-element_type=\"section\">\n\t\t\t\t\t\t<div class=\"elementor-container elementor-column-gap-default\">\n\t\t\t\t\t<div class=\"penci-ercol-100 penci-ercol-order-1 penci-sticky-ct  elementor-column elementor-col-100 elementor-top-column elementor-element elementor-element-522549d\" data-id=\"522549d\" data-element_type=\"column\">\n\t\t\t<div class=\"elementor-widget-wrap elementor-element-populated\">\n\t\t\t\t\t\t\t\t<div class=\"elementor-element elementor-element-0a08323 elementor-widget elementor-widget-text-editor\" data-id=\"0a08323\" data-element_type=\"widget\" data-widget_type=\"text-editor.default\">\n\t\t\t\t<div class=\"elementor-widget-container\">\n\t\t\t\t\t\t\t<h2><strong>Nouvelle collection, nouveau voyage<\/strong><\/h2><p><strong>\u00a0<\/strong><span style=\"color: var( --e-global-color-text ); font-family: var( --e-global-typography-text-font-family ), Sans-serif; font-weight: var( --e-global-typography-text-font-weight );\">Comme chaque saison, nous rentrons dans cet <\/span><strong style=\"color: var( --e-global-color-text ); font-family: var( --e-global-typography-text-font-family ), Sans-serif;\">univers du plaisir, du d\u00e9sir, du voyage<\/strong><span style=\"color: var( --e-global-color-text ); font-family: var( --e-global-typography-text-font-family ), Sans-serif; font-weight: var( --e-global-typography-text-font-weight );\">\u2026.<\/span><\/p><p>Le plaisir de cr\u00e9er de nouvelles collections pour cette saison automne\/hiver, le d\u00e9sir de<\/p><p>Vous faire r\u00eaver dans notre univers 100 % fait main et bien \u00e9videmment de vous emmener avec nous \u00e0 travers un nouveau voyage olfactif gr\u00e2ce \u00e0 nos deux nouvelles fragrances.<\/p><p>Cette ann\u00e9e, comme les pr\u00e9c\u00e9dentes, nous sommes all\u00e9s au plus pr\u00e8s de nos artisans toujours dans l\u2019optique d\u2019un circuit court.<\/p><p>Comme pour chacune de nos cr\u00e9ations, nous sommes toujours dans une d\u00e9marche \u00e9coresponsable.<\/p><p>Aujourd\u2019hui, nous vous pr\u00e9sentons notre collection <strong>ITTO<\/strong>, fa\u00e7onn\u00e9e \u00e0 la main, est repr\u00e9sentative des poteries berb\u00e8res.<\/p><p>\u00a0<\/p><h2>Notre bougie en argile d\u00e9clin\u00e9e en 3 couleurs<\/h2><p>Pour cette collection, nos artisans ont utilis\u00e9 de l\u2019argile, une mati\u00e8re qui est produite dans la r\u00e9gion de Marrakech.<\/p><p><b>Argile que nous avons d\u00e9clin\u00e9 en trois couleurs : l&rsquo;argile blanche, l&rsquo;argile terracotta et l&rsquo;argile noire.<\/b><\/p><p>\u00a0<\/p>\t\t\t\t\t\t<\/div>\n\t\t\t\t<\/div>\n\t\t\t\t\t<\/div>\n\t\t<\/div>\n\t\t\t\t\t\t\t<\/div>\n\t\t<\/section>\n\t\t\t\t<section class=\"penci-section penci-disSticky penci-structure-10 elementor-section elementor-top-section elementor-element elementor-element-df45d92 elementor-section-boxed elementor-section-height-default elementor-section-height-default\" data-id=\"df45d92\" data-element_type=\"section\">\n\t\t\t\t\t\t<div class=\"elementor-container elementor-column-gap-default\">\n\t\t\t\t\t<div class=\"penci-ercol-100 penci-ercol-order-1 penci-sticky-ct  elementor-column elementor-col-100 elementor-top-column elementor-element elementor-element-85c4bf7\" data-id=\"85c4bf7\" data-element_type=\"column\">\n\t\t\t<div class=\"elementor-widget-wrap elementor-element-populated\">\n\t\t\t\t\t\t\t\t<div class=\"elementor-element elementor-element-c705989 elementor-widget elementor-widget-shortcode\" data-id=\"c705989\" data-element_type=\"widget\" data-widget_type=\"shortcode.default\">\n\t\t\t\t<div class=\"elementor-widget-container\">\n\t\t\t\t\t<div class=\"elementor-shortcode\"><\/div>\n\t\t\t\t<\/div>\n\t\t\t\t<\/div>\n\t\t\t\t\t<\/div>\n\t\t<\/div>\n\t\t\t\t\t\t\t<\/div>\n\t\t<\/section>\n\t\t\t\t<section class=\"penci-section penci-disSticky penci-structure-10 elementor-section elementor-top-section elementor-element elementor-element-085feea elementor-section-boxed elementor-section-height-default elementor-section-height-default\" data-id=\"085feea\" data-element_type=\"section\">\n\t\t\t\t\t\t<div class=\"elementor-container elementor-column-gap-default\">\n\t\t\t\t\t<div class=\"penci-ercol-100 penci-ercol-order-1 penci-sticky-ct  elementor-column elementor-col-100 elementor-top-column elementor-element elementor-element-deacf0a\" data-id=\"deacf0a\" data-element_type=\"column\">\n\t\t\t<div class=\"elementor-widget-wrap elementor-element-populated\">\n\t\t\t\t\t\t\t\t<div class=\"elementor-element elementor-element-d241fa0 elementor-widget elementor-widget-text-editor\" data-id=\"d241fa0\" data-element_type=\"widget\" data-widget_type=\"text-editor.default\">\n\t\t\t\t<div class=\"elementor-widget-container\">\n\t\t\t\t\t\t\t<p>C\u2019est une mati\u00e8re qui est produite dans le respect de l\u2019environnement et de la sant\u00e9 des ouvriers.<\/p><p>Une chose importante et primordiale pour nous, comme pour toutes nos bougies, c\u2019est une mati\u00e8re qui ne contient\u00a0<span style=\"font-weight: bold;\">aucun produit chimique ni m\u00e9taux lourds.<\/span><\/p><p>L&rsquo;argile est un mat\u00e9riau sain, naturel et \u00e9cologique.<\/p><p>Le\u00a0<span style=\"font-weight: bold;\">contenant est enti\u00e8rement fait \u00e0 la main.<\/span>\u00a0Cette bougie a une v\u00e9ritable vocation d\u00e9corative. Nous mettons un point d&rsquo;honneur depuis vingt ans \u00e0 notre engagement environnemental.<\/p><p>Toutes nos mati\u00e8res premi\u00e8res sont \u00e9tudi\u00e9es pour avoir au maximum une approche responsable :<\/p><p>Une\u00a0<span style=\"font-weight: bold;\">cire 100% v\u00e9g\u00e9tale, r\u00e9alis\u00e9e \u00e0 base de produits renouvelables<\/span>. Des<span style=\"font-weight: bold;\">\u00a0m\u00e8ches en coton avec une combustion l\u00e9g\u00e8re.<\/span><\/p><p>La forme de cette collection de\u00a0<a href=\"https:\/\/www.cotebougie.com\/fr\/200-bougies-parfumees\">bougie d\u00e9corative<\/a>\u00a0est\u00a0<span style=\"font-weight: bold;\">repr\u00e9sentative des poteries berb\u00e8res utilis\u00e9es dans les habitations du Haut Atlas<\/span>, elle permet de voyager, d\u2019imaginer les d\u00e9corations int\u00e9rieures de la population amazigh (berb\u00e8re). Ces contenants sont utilis\u00e9s dans les maisons pour ranger diverses choses alimentaires ou petits objets. Les couleurs douces choisies sont repr\u00e9sentatives des couleurs du paysage montagneux, ces trois teintes d\u2019argile sont aussi utilis\u00e9es pour les constructions d\u2019habitation.<\/p><p>Et ce n\u2019est pas tout\u00a0! toujours dans la m\u00eame d\u00e9marche \u00e9cologique, vous pourrez \u00e0 la fin de votre bougie faire du upcycling. En effet, cette collection peut \u00eatre\u00a0<span style=\"font-weight: bold;\">r\u00e9utilis\u00e9e \u00e0 l&rsquo;infini soit en photophore, pot \u00e0 crayon, dans la cuisine ou simplement pour d\u00e9corer<\/span>\u00a0etc.\u2026Et bien d\u2019autres id\u00e9es encore. Libre cours \u00e0 votre imagination\u00a0!<\/p><p><strong>\u00a0<\/strong><\/p><h2 style=\"font-weight: var(--pchead-wei); font-family: var(--pchead-font); letter-spacing: normal;\"><strong>Cannelle, gingembre, cumin : voyageons et surtout sentons !<\/strong><\/h2><p>Pour cette nouvelle saison, nous avons cr\u00e9\u00e9, toujours avec des cr\u00e9ateurs de fragrances de Grasse, capitale mondiale du parfum, des senteurs plus chaudes. Un voyage d\u2019\u00e9pices marocaines.<\/p><p>La premi\u00e8re est\u00a0<strong>Place des \u00c9pices<\/strong>, une\u00a0<span style=\"font-weight: bold;\">fragrance gourmande de cannelle<\/span>\u00a0qui accompagne le peps du gingembre. Avec une note \u00e9pic\u00e9e, l\u2019arriv\u00e9e de la vanille et de la f\u00e8ve tonka donne une touche chaude et enveloppante.<\/p><p><img loading=\"lazy\" class=\"aligncenter size-full wp-image-2360\" src=\"https:\/\/www.cotebougie.com\/blog\/wp-content\/uploads\/2022\/10\/senteur-epices.jpg\" alt=\"senteur \u00e9pices\" width=\"854\" height=\"854\" srcset=\"https:\/\/www.cotebougie.com\/blog\/wp-content\/uploads\/2022\/10\/senteur-epices.jpg 854w, https:\/\/www.cotebougie.com\/blog\/wp-content\/uploads\/2022\/10\/senteur-epices-300x300.jpg 300w, https:\/\/www.cotebougie.com\/blog\/wp-content\/uploads\/2022\/10\/senteur-epices-150x150.jpg 150w, https:\/\/www.cotebougie.com\/blog\/wp-content\/uploads\/2022\/10\/senteur-epices-768x768.jpg 768w, https:\/\/www.cotebougie.com\/blog\/wp-content\/uploads\/2022\/10\/senteur-epices-585x585.jpg 585w\" sizes=\"(max-width: 854px) 100vw, 854px\" \/><\/p><p>La deuxi\u00e8me fragrance\u00a0<strong>Kamoun<\/strong>\u00a0est une rencontre entre un accord de cuir bois\u00e9 entrelac\u00e9 au cumin \u00e9pic\u00e9. Un parfum au fond ambr\u00e9, o\u00f9 l\u2019\u00e9quilibre des notes se fait comme une \u00e9vidence.<\/p><p>Une fa\u00e7on \u00e0 nous de vous faire voyager tout en restant chez vous<\/p><p>Nous esp\u00e9rons que ces nouvelles collections, vous ferons r\u00eaver autant que nous\u00a0!<\/p>\t\t\t\t\t\t<\/div>\n\t\t\t\t<\/div>\n\t\t\t\t\t<\/div>\n\t\t<\/div>\n\t\t\t\t\t\t\t<\/div>\n\t\t<\/section>\n\t\t\t\t\t\t<\/div>\n\t\t\t\t\t<\/div>\n\t\t","protected":false},"excerpt":{"rendered":"<p>Nouvelle collection, nouveau voyage \u00a0Comme chaque saison, nous rentrons dans cet univers du plaisir, du d\u00e9sir, du voyage\u2026. Le plaisir de cr\u00e9er de nouvelles collections pour cette saison automne\/hiver, le&hellip;<\/p>\n","protected":false},"author":1,"featured_media":2358,"comment_status":"open","ping_status":"open","sticky":false,"template":"","format":"standard","meta":[],"categories":[70],"tags":[],"yoast_head":"<!-- This site is optimized with the Yoast SEO plugin v18.6 - https:\/\/yoast.com\/wordpress\/plugins\/seo\/ -->\n<title>Nouvelle collection Itto : bougie d\u00e9corative en argile fait main<\/title>\n<meta name=\"description\" content=\"D\u00e9couvrez notre nouvelle collection ITTO d\u00e9clin\u00e9e en trois couleurs : l\u2019argile blanche, l\u2019argile terracotta et l\u2019argile noire.\" \/>\n<meta name=\"robots\" content=\"index, follow, max-snippet:-1, max-image-preview:large, max-video-preview:-1\" \/>\n<link rel=\"canonical\" href=\"https:\/\/www.cotebougie.com\/blog\/itto-argile\/\" \/>\n<meta property=\"og:locale\" content=\"fr_FR\" \/>\n<meta property=\"og:type\" content=\"article\" \/>\n<meta property=\"og:title\" content=\"Nouvelle collection Itto : bougie d\u00e9corative en argile fait main\" \/>\n<meta property=\"og:description\" content=\"D\u00e9couvrez notre nouvelle collection ITTO d\u00e9clin\u00e9e en trois couleurs : l\u2019argile blanche, l\u2019argile terracotta et l\u2019argile noire.\" \/>\n<meta property=\"og:url\" content=\"https:\/\/www.cotebougie.com\/blog\/itto-argile\/\" \/>\n<meta property=\"og:site_name\" content=\"Blog C\u00f4t\u00e9 Bougie\" \/>\n<meta property=\"article:published_time\" content=\"2022-10-18T09:23:44+00:00\" \/>\n<meta property=\"article:modified_time\" content=\"2022-12-16T16:53:56+00:00\" \/>\n<meta property=\"og:image\" content=\"https:\/\/www.cotebougie.com\/blog\/wp-content\/uploads\/2022\/10\/itto-argile-blanc.jpg\" \/>\n\t<meta property=\"og:image:width\" content=\"1088\" \/>\n\t<meta property=\"og:image:height\" content=\"1088\" \/>\n\t<meta property=\"og:image:type\" content=\"image\/jpeg\" \/>\n<meta name=\"twitter:card\" content=\"summary_large_image\" \/>\n<meta name=\"twitter:label1\" content=\"\u00c9crit par\" \/>\n\t<meta name=\"twitter:data1\" content=\"Sa\u00efda &amp; Omar\" \/>\n\t<meta name=\"twitter:label2\" content=\"Dur\u00e9e de lecture estim\u00e9e\" \/>\n\t<meta name=\"twitter:data2\" content=\"4 minutes\" \/>\n<script type=\"application\/ld+json\" class=\"yoast-schema-graph\">{\"@context\":\"https:\/\/schema.org\",\"@graph\":[{\"@type\":\"WebSite\",\"@id\":\"https:\/\/www.cotebougie.com\/blog\/#website\",\"url\":\"https:\/\/www.cotebougie.com\/blog\/\",\"name\":\"Blog C\u00f4t\u00e9 Bougie\",\"description\":\"Un site utilisant WordPress\",\"publisher\":{\"@id\":\"https:\/\/www.cotebougie.com\/blog\/#\/schema\/person\/61783b607f40fff9977a7e2d8a3e410e\"},\"potentialAction\":[{\"@type\":\"SearchAction\",\"target\":{\"@type\":\"EntryPoint\",\"urlTemplate\":\"https:\/\/www.cotebougie.com\/blog\/?s={search_term_string}\"},\"query-input\":\"required name=search_term_string\"}],\"inLanguage\":\"fr-FR\"},{\"@type\":\"ImageObject\",\"@id\":\"https:\/\/www.cotebougie.com\/blog\/itto-argile\/#primaryimage\",\"inLanguage\":\"fr-FR\",\"url\":\"https:\/\/www.cotebougie.com\/blog\/wp-content\/uploads\/2022\/10\/itto-argile-blanc.jpg\",\"contentUrl\":\"https:\/\/www.cotebougie.com\/blog\/wp-content\/uploads\/2022\/10\/itto-argile-blanc.jpg\",\"width\":1088,\"height\":1088,\"caption\":\"bougie d\u00e9corative argile\"},{\"@type\":\"WebPage\",\"@id\":\"https:\/\/www.cotebougie.com\/blog\/itto-argile\/#webpage\",\"url\":\"https:\/\/www.cotebougie.com\/blog\/itto-argile\/\",\"name\":\"Nouvelle collection Itto : bougie d\u00e9corative en argile fait main\",\"isPartOf\":{\"@id\":\"https:\/\/www.cotebougie.com\/blog\/#website\"},\"primaryImageOfPage\":{\"@id\":\"https:\/\/www.cotebougie.com\/blog\/itto-argile\/#primaryimage\"},\"datePublished\":\"2022-10-18T09:23:44+00:00\",\"dateModified\":\"2022-12-16T16:53:56+00:00\",\"description\":\"D\u00e9couvrez notre nouvelle collection ITTO d\u00e9clin\u00e9e en trois couleurs : l\u2019argile blanche, l\u2019argile terracotta et l\u2019argile noire.\",\"breadcrumb\":{\"@id\":\"https:\/\/www.cotebougie.com\/blog\/itto-argile\/#breadcrumb\"},\"inLanguage\":\"fr-FR\",\"potentialAction\":[{\"@type\":\"ReadAction\",\"target\":[\"https:\/\/www.cotebougie.com\/blog\/itto-argile\/\"]}]},{\"@type\":\"BreadcrumbList\",\"@id\":\"https:\/\/www.cotebougie.com\/blog\/itto-argile\/#breadcrumb\",\"itemListElement\":[{\"@type\":\"ListItem\",\"position\":1,\"name\":\"Home\",\"item\":\"https:\/\/www.cotebougie.com\/blog\/\"},{\"@type\":\"ListItem\",\"position\":2,\"name\":\"Nouvelle collection Itto\"}]},{\"@type\":\"Article\",\"@id\":\"https:\/\/www.cotebougie.com\/blog\/itto-argile\/#article\",\"isPartOf\":{\"@id\":\"https:\/\/www.cotebougie.com\/blog\/itto-argile\/#webpage\"},\"author\":{\"@id\":\"https:\/\/www.cotebougie.com\/blog\/#\/schema\/person\/61783b607f40fff9977a7e2d8a3e410e\"},\"headline\":\"Nouvelle collection Itto\",\"datePublished\":\"2022-10-18T09:23:44+00:00\",\"dateModified\":\"2022-12-16T16:53:56+00:00\",\"mainEntityOfPage\":{\"@id\":\"https:\/\/www.cotebougie.com\/blog\/itto-argile\/#webpage\"},\"wordCount\":578,\"commentCount\":0,\"publisher\":{\"@id\":\"https:\/\/www.cotebougie.com\/blog\/#\/schema\/person\/61783b607f40fff9977a7e2d8a3e410e\"},\"image\":{\"@id\":\"https:\/\/www.cotebougie.com\/blog\/itto-argile\/#primaryimage\"},\"thumbnailUrl\":\"https:\/\/www.cotebougie.com\/blog\/wp-content\/uploads\/2022\/10\/itto-argile-blanc.jpg\",\"articleSection\":[\"Nouveaut\u00e9s\"],\"inLanguage\":\"fr-FR\",\"potentialAction\":[{\"@type\":\"CommentAction\",\"name\":\"Comment\",\"target\":[\"https:\/\/www.cotebougie.com\/blog\/itto-argile\/#respond\"]}]},{\"@type\":[\"Person\",\"Organization\"],\"@id\":\"https:\/\/www.cotebougie.com\/blog\/#\/schema\/person\/61783b607f40fff9977a7e2d8a3e410e\",\"name\":\"Sa\u00efda &amp; Omar\",\"image\":{\"@type\":\"ImageObject\",\"@id\":\"https:\/\/www.cotebougie.com\/blog\/#personlogo\",\"inLanguage\":\"fr-FR\",\"url\":\"https:\/\/secure.gravatar.com\/avatar\/eaa0d16c01ce338a82aa4e0365a0f6f5?s=96&d=mm&r=g\",\"contentUrl\":\"https:\/\/secure.gravatar.com\/avatar\/eaa0d16c01ce338a82aa4e0365a0f6f5?s=96&d=mm&r=g\",\"caption\":\"Sa\u00efda &amp; Omar\"},\"logo\":{\"@id\":\"https:\/\/www.cotebougie.com\/blog\/#personlogo\"},\"sameAs\":[\"https:\/\/www.cotebougie.com\/blog\/\"]}]}<\/script>\n<!-- \/ Yoast SEO plugin. -->","yoast_head_json":{"title":"Nouvelle collection Itto : bougie d\u00e9corative en argile fait main","description":"D\u00e9couvrez notre nouvelle collection ITTO d\u00e9clin\u00e9e en trois couleurs : l\u2019argile blanche, l\u2019argile terracotta et l\u2019argile noire.","robots":{"index":"index","follow":"follow","max-snippet":"max-snippet:-1","max-image-preview":"max-image-preview:large","max-video-preview":"max-video-preview:-1"},"canonical":"https:\/\/www.cotebougie.com\/blog\/itto-argile\/","og_locale":"fr_FR","og_type":"article","og_title":"Nouvelle collection Itto : bougie d\u00e9corative en argile fait main","og_description":"D\u00e9couvrez notre nouvelle collection ITTO d\u00e9clin\u00e9e en trois couleurs : l\u2019argile blanche, l\u2019argile terracotta et l\u2019argile noire.","og_url":"https:\/\/www.cotebougie.com\/blog\/itto-argile\/","og_site_name":"Blog C\u00f4t\u00e9 Bougie","article_published_time":"2022-10-18T09:23:44+00:00","article_modified_time":"2022-12-16T16:53:56+00:00","og_image":[{"width":1088,"height":1088,"url":"https:\/\/www.cotebougie.com\/blog\/wp-content\/uploads\/2022\/10\/itto-argile-blanc.jpg","type":"image\/jpeg"}],"twitter_card":"summary_large_image","twitter_misc":{"\u00c9crit par":"Sa\u00efda &amp; Omar","Dur\u00e9e de lecture estim\u00e9e":"4 minutes"},"schema":{"@context":"https:\/\/schema.org","@graph":[{"@type":"WebSite","@id":"https:\/\/www.cotebougie.com\/blog\/#website","url":"https:\/\/www.cotebougie.com\/blog\/","name":"Blog C\u00f4t\u00e9 Bougie","description":"Un site utilisant WordPress","publisher":{"@id":"https:\/\/www.cotebougie.com\/blog\/#\/schema\/person\/61783b607f40fff9977a7e2d8a3e410e"},"potentialAction":[{"@type":"SearchAction","target":{"@type":"EntryPoint","urlTemplate":"https:\/\/www.cotebougie.com\/blog\/?s={search_term_string}"},"query-input":"required name=search_term_string"}],"inLanguage":"fr-FR"},{"@type":"ImageObject","@id":"https:\/\/www.cotebougie.com\/blog\/itto-argile\/#primaryimage","inLanguage":"fr-FR","url":"https:\/\/www.cotebougie.com\/blog\/wp-content\/uploads\/2022\/10\/itto-argile-blanc.jpg","contentUrl":"https:\/\/www.cotebougie.com\/blog\/wp-content\/uploads\/2022\/10\/itto-argile-blanc.jpg","width":1088,"height":1088,"caption":"bougie d\u00e9corative argile"},{"@type":"WebPage","@id":"https:\/\/www.cotebougie.com\/blog\/itto-argile\/#webpage","url":"https:\/\/www.cotebougie.com\/blog\/itto-argile\/","name":"Nouvelle collection Itto : bougie d\u00e9corative en argile fait main","isPartOf":{"@id":"https:\/\/www.cotebougie.com\/blog\/#website"},"primaryImageOfPage":{"@id":"https:\/\/www.cotebougie.com\/blog\/itto-argile\/#primaryimage"},"datePublished":"2022-10-18T09:23:44+00:00","dateModified":"2022-12-16T16:53:56+00:00","description":"D\u00e9couvrez notre nouvelle collection ITTO d\u00e9clin\u00e9e en trois couleurs : l\u2019argile blanche, l\u2019argile terracotta et l\u2019argile noire.","breadcrumb":{"@id":"https:\/\/www.cotebougie.com\/blog\/itto-argile\/#breadcrumb"},"inLanguage":"fr-FR","potentialAction":[{"@type":"ReadAction","target":["https:\/\/www.cotebougie.com\/blog\/itto-argile\/"]}]},{"@type":"BreadcrumbList","@id":"https:\/\/www.cotebougie.com\/blog\/itto-argile\/#breadcrumb","itemListElement":[{"@type":"ListItem","position":1,"name":"Home","item":"https:\/\/www.cotebougie.com\/blog\/"},{"@type":"ListItem","position":2,"name":"Nouvelle collection Itto"}]},{"@type":"Article","@id":"https:\/\/www.cotebougie.com\/blog\/itto-argile\/#article","isPartOf":{"@id":"https:\/\/www.cotebougie.com\/blog\/itto-argile\/#webpage"},"author":{"@id":"https:\/\/www.cotebougie.com\/blog\/#\/schema\/person\/61783b607f40fff9977a7e2d8a3e410e"},"headline":"Nouvelle collection Itto","datePublished":"2022-10-18T09:23:44+00:00","dateModified":"2022-12-16T16:53:56+00:00","mainEntityOfPage":{"@id":"https:\/\/www.cotebougie.com\/blog\/itto-argile\/#webpage"},"wordCount":578,"commentCount":0,"publisher":{"@id":"https:\/\/www.cotebougie.com\/blog\/#\/schema\/person\/61783b607f40fff9977a7e2d8a3e410e"},"image":{"@id":"https:\/\/www.cotebougie.com\/blog\/itto-argile\/#primaryimage"},"thumbnailUrl":"https:\/\/www.cotebougie.com\/blog\/wp-content\/uploads\/2022\/10\/itto-argile-blanc.jpg","articleSection":["Nouveaut\u00e9s"],"inLanguage":"fr-FR","potentialAction":[{"@type":"CommentAction","name":"Comment","target":["https:\/\/www.cotebougie.com\/blog\/itto-argile\/#respond"]}]},{"@type":["Person","Organization"],"@id":"https:\/\/www.cotebougie.com\/blog\/#\/schema\/person\/61783b607f40fff9977a7e2d8a3e410e","name":"Sa\u00efda &amp; Omar","image":{"@type":"ImageObject","@id":"https:\/\/www.cotebougie.com\/blog\/#personlogo","inLanguage":"fr-FR","url":"https:\/\/secure.gravatar.com\/avatar\/eaa0d16c01ce338a82aa4e0365a0f6f5?s=96&d=mm&r=g","contentUrl":"https:\/\/secure.gravatar.com\/avatar\/eaa0d16c01ce338a82aa4e0365a0f6f5?s=96&d=mm&r=g","caption":"Sa\u00efda &amp; Omar"},"logo":{"@id":"https:\/\/www.cotebougie.com\/blog\/#personlogo"},"sameAs":["https:\/\/www.cotebougie.com\/blog\/"]}]}},"_links":{"self":[{"href":"https:\/\/www.cotebougie.com\/blog\/wp-json\/wp\/v2\/posts\/2348"}],"collection":[{"href":"https:\/\/www.cotebougie.com\/blog\/wp-json\/wp\/v2\/posts"}],"about":[{"href":"https:\/\/www.cotebougie.com\/blog\/wp-json\/wp\/v2\/types\/post"}],"author":[{"embeddable":true,"href":"https:\/\/www.cotebougie.com\/blog\/wp-json\/wp\/v2\/users\/1"}],"replies":[{"embeddable":true,"href":"https:\/\/www.cotebougie.com\/blog\/wp-json\/wp\/v2\/comments?post=2348"}],"version-history":[{"count":21,"href":"https:\/\/www.cotebougie.com\/blog\/wp-json\/wp\/v2\/posts\/2348\/revisions"}],"predecessor-version":[{"id":2448,"href":"https:\/\/www.cotebougie.com\/blog\/wp-json\/wp\/v2\/posts\/2348\/revisions\/2448"}],"wp:featuredmedia":[{"embeddable":true,"href":"https:\/\/www.cotebougie.com\/blog\/wp-json\/wp\/v2\/media\/2358"}],"wp:attachment":[{"href":"https:\/\/www.cotebougie.com\/blog\/wp-json\/wp\/v2\/media?parent=2348"}],"wp:term":[{"taxonomy":"category","embeddable":true,"href":"https:\/\/www.cotebougie.com\/blog\/wp-json\/wp\/v2\/categories?post=2348"},{"taxonomy":"post_tag","embeddable":true,"href":"https:\/\/www.cotebougie.com\/blog\/wp-json\/wp\/v2\/tags?post=2348"}],"curies":[{"name":"wp","href":"https:\/\/api.w.org\/{rel}","templated":true}]}}